{"id":116,"date":"2013-06-10T16:42:57","date_gmt":"2013-06-10T16:42:57","guid":{"rendered":"https:\/\/nandomello.net\/ptbr\/?p=116"},"modified":"2021-11-13T16:48:24","modified_gmt":"2021-11-13T16:48:24","slug":"workshops-de-junho-em-santa-catarina","status":"publish","type":"post","link":"https:\/\/nandomello.net\/ptbr\/workshops-de-junho-em-santa-catarina\/","title":{"rendered":"WORKSHOPS DE JUNHO EM SANTA CATARINA"},"content":{"rendered":"<p>News: Nando Mello volta a Santa Catarina para uma s\u00e9rie de workshops em quatro cidades:<\/p>\n<p>13\/06 \u2013 Crici\u00fama\/SC \u2013 Workshop com Nando Mello<br \/>\nLocal: Emporium Pub<br \/>\nEndere\u00e7o: Santos Dumont, 2510<br \/>\nHor\u00e1rio: 20h00<br \/>\nInforma\u00e7\u00f5es e ingressos: 48 9908-2770<br \/>\nRealizacao: IMGN \u2013 Instituto de M\u00fasica Gilson Naspolini<\/p>\n<p>14\/06 \u2013 Itaja\u00ed\/SC \u2013 Workshop com Nando Mello com participa\u00e7\u00e3o banda Christmess<br \/>\nLocal: Biblioteca P\u00fablica de Itaja\u00ed<br \/>\nEndere\u00e7o: Heitor Liberato, 1100<br \/>\nHor\u00e1rio: 19h30<br \/>\nInforma\u00e7\u00f5es no local, entrada franca<br \/>\nRealizacao: P.M. Itaja\u00ed e Banda Christmess<\/p>\n<p>17\/06 \u2013 Itapema\/SC \u2013 Workshop com Nando Mello<br \/>\nLocal: Chateau Excellence Eventos<br \/>\nEndere\u00e7o: Hironildo Santos, 958<br \/>\nHor\u00e1rio: 20h00<br \/>\nInforma\u00e7\u00f5es e ingressos: 47 3368-6476<br \/>\nRealizacao: Dat Som Instrumentos Musicais<\/p>\n<p>18\/06 \u2013 Brusque\/SC \u2013 Workshop com Nando Mello<br \/>\nLocal: VKings<br \/>\nEndere\u00e7o: Azambuja, 385<br \/>\nHor\u00e1rio: 19h30<br \/>\nInforma\u00e7\u00f5es : 47 3355-5498<br \/>\nRealizacao: VKings O Mundo da M\u00fasica<\/p>\n\n\t\t<style type=\"text\/css\">\n\t\t\t#gallery-1 {\n\t\t\t\tmargin: auto;\n\t\t\t}\n\t\t\t#gallery-1 .gallery-item {\n\t\t\t\tfloat: left;\n\t\t\t\tmargin-top: 10px;\n\t\t\t\ttext-align: center;\n\t\t\t\twidth: 50%;\n\t\t\t}\n\t\t\t#gallery-1 img {\n\t\t\t\tborder: 2px solid #cfcfcf;\n\t\t\t}\n\t\t\t#gallery-1 .gallery-caption {\n\t\t\t\tmargin-left: 0;\n\t\t\t}\n\t\t\t\/* see gallery_shortcode() in wp-includes\/media.php *\/\n\t\t<\/style>\n\t\t<div id='gallery-1' class='gallery galleryid-116 gallery-columns-2 gallery-size-thumbnail'><dl class='gallery-item'>\n\t\t\t<dt class='gallery-icon portrait'>\n\t\t\t\t<a href='https:\/\/nandomello.net\/ptbr\/wp-content\/uploads\/2021\/11\/Workshop-Itapema.jpg'><img loading=\"lazy\" decoding=\"async\" width=\"200\" height=\"200\" src=\"https:\/\/nandomello.net\/ptbr\/wp-content\/uploads\/2021\/11\/Workshop-Itapema-300x300.jpg\" class=\"attachment-thumbnail size-thumbnail\" alt=\"\" \/><\/a>\n\t\t\t<\/dt><\/dl><dl class='gallery-item'>\n\t\t\t<dt class='gallery-icon portrait'>\n\t\t\t\t<a href='https:\/\/nandomello.net\/ptbr\/wp-content\/uploads\/2021\/11\/Workshop-Brusque.jpg'><img loading=\"lazy\" decoding=\"async\" width=\"200\" height=\"200\" src=\"https:\/\/nandomello.net\/ptbr\/wp-content\/uploads\/2021\/11\/Workshop-Brusque-300x300.jpg\" class=\"attachment-thumbnail size-thumbnail\" alt=\"\" \/><\/a>\n\t\t\t<\/dt><\/dl><br style=\"clear: both\" \/><dl class='gallery-item'>\n\t\t\t<dt class='gallery-icon portrait'>\n\t\t\t\t<a href='https:\/\/nandomello.net\/ptbr\/wp-content\/uploads\/2021\/11\/Workshop-Criciuma.jpg'><img loading=\"lazy\" decoding=\"async\" width=\"200\" height=\"200\" src=\"https:\/\/nandomello.net\/ptbr\/wp-content\/uploads\/2021\/11\/Workshop-Criciuma-300x300.jpg\" class=\"attachment-thumbnail size-thumbnail\" alt=\"\" \/><\/a>\n\t\t\t<\/dt><\/dl><dl class='gallery-item'>\n\t\t\t<dt class='gallery-icon portrait'>\n\t\t\t\t<a href='https:\/\/nandomello.net\/ptbr\/wp-content\/uploads\/2021\/11\/Workshop-Itajai.jpg'><img loading=\"lazy\" decoding=\"async\" width=\"200\" height=\"200\" src=\"https:\/\/nandomello.net\/ptbr\/wp-content\/uploads\/2021\/11\/Workshop-Itajai-300x300.jpg\" class=\"attachment-thumbnail size-thumbnail\" alt=\"\" \/><\/a>\n\t\t\t<\/dt><\/dl><br style=\"clear: both\" \/>\n\t\t<\/div>\n\n","protected":false},"excerpt":{"rendered":"<p>News: Nando Mello volta a Santa Catarina para uma s\u00e9rie de workshops em quatro cidades: 13\/06 \u2013 Crici\u00fama\/SC \u2013 Workshop com Nando Mello Local: Emporium Pub Endere\u00e7o: Santos Dumont, 2510 Hor\u00e1rio: 20h00 Informa\u00e7\u00f5es e ingressos: 48 9908-2770 Realizacao: IMGN \u2013 Instituto de M\u00fasica Gilson Naspolini 14\/06 \u2013 Itaja\u00ed\/SC \u2013 Workshop com Nando Mello com participa\u00e7\u00e3o [&hellip;]<\/p>\n","protected":false},"author":1,"featured_media":0,"comment_status":"open","ping_status":"open","sticky":false,"template":"","format":"standard","meta":{"footnotes":""},"categories":[2],"tags":[],"class_list":["post-116","post","type-post","status-publish","format-standard","hentry","category-noticias"],"_links":{"self":[{"href":"https:\/\/nandomello.net\/ptbr\/wp-json\/wp\/v2\/posts\/116","targetHints":{"allow":["GET"]}}],"collection":[{"href":"https:\/\/nandomello.net\/ptbr\/wp-json\/wp\/v2\/posts"}],"about":[{"href":"https:\/\/nandomello.net\/ptbr\/wp-json\/wp\/v2\/types\/post"}],"author":[{"embeddable":true,"href":"https:\/\/nandomello.net\/ptbr\/wp-json\/wp\/v2\/users\/1"}],"replies":[{"embeddable":true,"href":"https:\/\/nandomello.net\/ptbr\/wp-json\/wp\/v2\/comments?post=116"}],"version-history":[{"count":4,"href":"https:\/\/nandomello.net\/ptbr\/wp-json\/wp\/v2\/posts\/116\/revisions"}],"predecessor-version":[{"id":124,"href":"https:\/\/nandomello.net\/ptbr\/wp-json\/wp\/v2\/posts\/116\/revisions\/124"}],"wp:attachment":[{"href":"https:\/\/nandomello.net\/ptbr\/wp-json\/wp\/v2\/media?parent=116"}],"wp:term":[{"taxonomy":"category","embeddable":true,"href":"https:\/\/nandomello.net\/ptbr\/wp-json\/wp\/v2\/categories?post=116"},{"taxonomy":"post_tag","embeddable":true,"href":"https:\/\/nandomello.net\/ptbr\/wp-json\/wp\/v2\/tags?post=116"}],"curies":[{"name":"wp","href":"https:\/\/api.w.org\/{rel}","templated":true}]}}