{"id":138,"date":"2012-09-06T17:00:13","date_gmt":"2012-09-06T17:00:13","guid":{"rendered":"https:\/\/nandomello.net\/ptbr\/?p=138"},"modified":"2021-11-13T17:00:29","modified_gmt":"2021-11-13T17:00:29","slug":"agenda-setembro-nando-mello-com-aquiles-priester-pelo-nordeste","status":"publish","type":"post","link":"https:\/\/nandomello.net\/ptbr\/agenda-setembro-nando-mello-com-aquiles-priester-pelo-nordeste\/","title":{"rendered":"AGENDA SETEMBRO NANDO MELLO COM AQUILES PRIESTER PELO NORDESTE"},"content":{"rendered":"<p>Aquiles Priester e Nando Mello v\u00e3o realizar workshops, master classes e aulas particulares pelo<br \/>\nNordeste em setembro, vejam a agenda abaixo:<\/p>\n<p>11\/09 \u2013 Salvador\/BA \u2013 Workshop Aquiles Priester com participa\u00e7\u00e3o de Nando Mello<br \/>\nLocal: Teatro do Sesi<br \/>\nEndere\u00e7o: Rua Borges dos Reis, Rio Vermelho<br \/>\nHor\u00e1rio: 19h30<br \/>\nIngressos: R$ 50,00 (Estudantes pagam meia entrada)<br \/>\nInfos: (71) 3616.7061 \/ 3616.7061 \/ 8172.8197<br \/>\nRealiza\u00e7\u00e3o: BPM Bateras Pro Instituto Musical e Procurando Arte Produ\u00e7\u00f5es<\/p>\n<p>12\/09 \u2013 Salvador\/BA \u2013 Aulas particulares com Aquiles Priester<br \/>\nLocal: BPM Bateras Pro Instituto Musical<br \/>\nEndere\u00e7o: Rua Jaime Simas, 26<br \/>\nBairro: Boca do Rio<br \/>\nVagas limitadas<br \/>\nInforma\u00e7\u00f5es: (71) 3230.0616<\/p>\n<p>13 e 14\/09 \u2013 Recife\/PE \u2013 Master Class e aulas particulares com Aquiles Priester<br \/>\nLocal: Alive Studio<br \/>\nEndere\u00e7o: Avenida Conselheiro Aguiar, 4734 Loja 18<br \/>\nBairro: Boa Viagem<br \/>\nInforma\u00e7\u00f5es: (81) 9977. 3126<\/p>\n<p>15\/09 \u2013 Palmares\/PE \u2013 Workshop\/Master Class com Aquiles Priester participa\u00e7\u00e3o Nando Mello<br \/>\nLocal: Eletrosat<br \/>\nEndere\u00e7o: Pra\u00e7a Dr. Paulo Paranhos, 31<br \/>\nHor\u00e1rio: 15h00<br \/>\nInforma\u00e7\u00f5es: (81) 8752.6400 \u2013 9961.2198<\/p>\n<p>17\/09 \u2013 Picos\/PI \u2013 Master Class com Aquiles Priester<br \/>\nLocal: Audit\u00f3rio do Centro Cultural Santa Rita<br \/>\nHor\u00e1rio: 18h00<br \/>\nVagas Limitadas<br \/>\nInforma\u00e7\u00f5es: (89) 9979.0585<\/p>\n<p>18\/09 \u2013 Teresina\/PI \u2013 Workshop Aquiles Priester com participa\u00e7\u00e3o de Nando Mello<br \/>\nLocal: Sala Torquato Neto<br \/>\nHor\u00e1rio: 18h00<br \/>\nVAGAS LIMITADAS<br \/>\nIngressos \u00e0 venda na Musical Shop<br \/>\nInforma\u00e7\u00f5es: (81) 3226.2691<\/p>\n","protected":false},"excerpt":{"rendered":"<p>Aquiles Priester e Nando Mello v\u00e3o realizar workshops, master classes e aulas particulares pelo Nordeste em setembro, vejam a agenda abaixo: 11\/09 \u2013 Salvador\/BA \u2013 Workshop Aquiles Priester com participa\u00e7\u00e3o de Nando Mello Local: Teatro do Sesi Endere\u00e7o: Rua Borges dos Reis, Rio Vermelho Hor\u00e1rio: 19h30 Ingressos: R$ 50,00 (Estudantes pagam meia entrada) Infos: (71) [&hellip;]<\/p>\n","protected":false},"author":1,"featured_media":0,"comment_status":"open","ping_status":"open","sticky":false,"template":"","format":"standard","meta":{"footnotes":""},"categories":[2],"tags":[],"class_list":["post-138","post","type-post","status-publish","format-standard","hentry","category-noticias"],"_links":{"self":[{"href":"https:\/\/nandomello.net\/ptbr\/wp-json\/wp\/v2\/posts\/138","targetHints":{"allow":["GET"]}}],"collection":[{"href":"https:\/\/nandomello.net\/ptbr\/wp-json\/wp\/v2\/posts"}],"about":[{"href":"https:\/\/nandomello.net\/ptbr\/wp-json\/wp\/v2\/types\/post"}],"author":[{"embeddable":true,"href":"https:\/\/nandomello.net\/ptbr\/wp-json\/wp\/v2\/users\/1"}],"replies":[{"embeddable":true,"href":"https:\/\/nandomello.net\/ptbr\/wp-json\/wp\/v2\/comments?post=138"}],"version-history":[{"count":1,"href":"https:\/\/nandomello.net\/ptbr\/wp-json\/wp\/v2\/posts\/138\/revisions"}],"predecessor-version":[{"id":139,"href":"https:\/\/nandomello.net\/ptbr\/wp-json\/wp\/v2\/posts\/138\/revisions\/139"}],"wp:attachment":[{"href":"https:\/\/nandomello.net\/ptbr\/wp-json\/wp\/v2\/media?parent=138"}],"wp:term":[{"taxonomy":"category","embeddable":true,"href":"https:\/\/nandomello.net\/ptbr\/wp-json\/wp\/v2\/categories?post=138"},{"taxonomy":"post_tag","embeddable":true,"href":"https:\/\/nandomello.net\/ptbr\/wp-json\/wp\/v2\/tags?post=138"}],"curies":[{"name":"wp","href":"https:\/\/api.w.org\/{rel}","templated":true}]}}