{"id":140,"date":"2012-07-26T17:00:38","date_gmt":"2012-07-26T17:00:38","guid":{"rendered":"https:\/\/nandomello.net\/ptbr\/?p=140"},"modified":"2021-11-13T17:01:31","modified_gmt":"2021-11-13T17:01:31","slug":"agenda-agosto-2012","status":"publish","type":"post","link":"https:\/\/nandomello.net\/ptbr\/agenda-agosto-2012\/","title":{"rendered":"AGENDA AGOSTO 2012"},"content":{"rendered":"<p>02\/08 \u2013 Canela\/RS \u2013 Palestra \u201cMarketing Musical\u201d com Aquiles Priester<br \/>\nLocal: Casa de Pedra<br \/>\nAv.Oswaldo Aranha, 30<br \/>\nCanela\/RS<br \/>\nHor\u00e1rio: 20h00<br \/>\nInforma\u00e7\u00f5es    54 3282 2346<br \/>\nwww.oficinadamusica.com.br<\/p>\n<p>07\/08 \u2013 Tr\u00eas de Maio\/RS \u2013 Workshop Aquiles Priester com participa\u00e7\u00e3o de Nando Mello<br \/>\nA Musical de Tr\u00eas de Maio apresenta pela primeira vez na cidade<br \/>\nLocal: Armaz\u00e9m Liquid<br \/>\nAv.Santa Rosa, 797<br \/>\nTr\u00eas de Maio\/RS<br \/>\nHor\u00e1rio: 20h00<br \/>\nInforma\u00e7\u00f5es    55 3535 1967<br \/>\nParticipa\u00e7\u00e3o especial do baterista Mauriel Ourique<\/p>\n<p>09\/08 \u2013 Porto Alegre\/RS \u2013 Palestra \u201cMarketing Musical\u201d com Aquiles Priester<br \/>\nUr\u00e2nio Complexo Cultural apresenta Aquiles Priester<br \/>\nLocal: Ur\u00e2nio Complexo Musical<br \/>\nRua S\u00e3o Luis, 894, Santana<br \/>\nPorto Alegre\/RS<br \/>\nHor\u00e1rio: 19h00<br \/>\nInforma\u00e7\u00f5es    51 3062 3245<\/p>\n<p>11\/08 \u2013 Santos\/SP \u2013 Workshop Aquiles Priester com participa\u00e7\u00e3o Nando Mello<br \/>\n14 e 15\/08 \u2013 EMT\/SP \u2013 Paiste Day, Workshop Aquiles Priester com participa\u00e7\u00e3o Nando Mello<\/p>\n<p>16\/08 \u2013 S\u00e3o Louren\u00e7o\/MG \u2013 Workshop Aquiles Priester com participa\u00e7\u00e3o Nando Mello<br \/>\n25\/08 \u2013 Porto Alegre\/ RS \u2013 Workshop na Escola Cordas &#038; Cordas com Eduardo Martinez e Michael Polchowicz<br \/>\nHor\u00e1rio: 18h<br \/>\nIngressos: R$20 antecipado e R$25 no local<br \/>\nEndere\u00e7o: Rua Garibaldi N\u00b01042, Bom Fim, POA<br \/>\nFone: (51) 3311-4147<\/p>\n","protected":false},"excerpt":{"rendered":"<p>02\/08 \u2013 Canela\/RS \u2013 Palestra \u201cMarketing Musical\u201d com Aquiles Priester Local: Casa de Pedra Av.Oswaldo Aranha, 30 Canela\/RS Hor\u00e1rio: 20h00 Informa\u00e7\u00f5es 54 3282 2346 www.oficinadamusica.com.br 07\/08 \u2013 Tr\u00eas de Maio\/RS \u2013 Workshop Aquiles Priester com participa\u00e7\u00e3o de Nando Mello A Musical de Tr\u00eas de Maio apresenta pela primeira vez na cidade Local: Armaz\u00e9m Liquid Av.Santa [&hellip;]<\/p>\n","protected":false},"author":1,"featured_media":0,"comment_status":"open","ping_status":"open","sticky":false,"template":"","format":"standard","meta":{"footnotes":""},"categories":[2],"tags":[],"class_list":["post-140","post","type-post","status-publish","format-standard","hentry","category-noticias"],"_links":{"self":[{"href":"https:\/\/nandomello.net\/ptbr\/wp-json\/wp\/v2\/posts\/140","targetHints":{"allow":["GET"]}}],"collection":[{"href":"https:\/\/nandomello.net\/ptbr\/wp-json\/wp\/v2\/posts"}],"about":[{"href":"https:\/\/nandomello.net\/ptbr\/wp-json\/wp\/v2\/types\/post"}],"author":[{"embeddable":true,"href":"https:\/\/nandomello.net\/ptbr\/wp-json\/wp\/v2\/users\/1"}],"replies":[{"embeddable":true,"href":"https:\/\/nandomello.net\/ptbr\/wp-json\/wp\/v2\/comments?post=140"}],"version-history":[{"count":1,"href":"https:\/\/nandomello.net\/ptbr\/wp-json\/wp\/v2\/posts\/140\/revisions"}],"predecessor-version":[{"id":141,"href":"https:\/\/nandomello.net\/ptbr\/wp-json\/wp\/v2\/posts\/140\/revisions\/141"}],"wp:attachment":[{"href":"https:\/\/nandomello.net\/ptbr\/wp-json\/wp\/v2\/media?parent=140"}],"wp:term":[{"taxonomy":"category","embeddable":true,"href":"https:\/\/nandomello.net\/ptbr\/wp-json\/wp\/v2\/categories?post=140"},{"taxonomy":"post_tag","embeddable":true,"href":"https:\/\/nandomello.net\/ptbr\/wp-json\/wp\/v2\/tags?post=140"}],"curies":[{"name":"wp","href":"https:\/\/api.w.org\/{rel}","templated":true}]}}